{"id":1921,"date":"2023-06-13T14:32:10","date_gmt":"2023-06-13T14:32:10","guid":{"rendered":"https:\/\/resistance-international.de\/?p=1921"},"modified":"2023-06-13T22:20:10","modified_gmt":"2023-06-13T22:20:10","slug":"paragraph-129a-b-ein-politisches-repressionsmittel-gegen-linke","status":"publish","type":"post","link":"https:\/\/resistance-info.de\/?p=1921","title":{"rendered":"Paragraph 129a\/b &#8211; Ein politisches Repressionsmittel gegen Linke"},"content":{"rendered":"<p id=\"magicdomid58\" class=\"ace-line\" spellcheck=\"true\" aria-live=\"assertive\"><span class=\"author-a-ebz65z3cavz69zz87zz79zz65zldz69zz122z0\">&#8222;Die Bildung terroristischer Vereinigungen ist eine Straftat, die in Deutschland in \u00a7 129a<\/span><span class=\"author-a-z77zfvs5z78zz72ztz74za77z68zz82zwz90z\">\/b<\/span> <span class=\"author-a-ebz65z3cavz69zz87zz79zz65zldz69zz122z0\">StGB normiert ist.&#8220;<\/span><\/p>\n<p id=\"magicdomid59\" class=\"ace-line\" spellcheck=\"true\" aria-live=\"assertive\"><span class=\"author-a-ebz65z3cavz69zz87zz79zz65zldz69zz122z0\">Egal ob <\/span><span class=\"author-a-6dz79zbz80zxz83zfz85zz90zz84zhaz70zx1\">die Letzte Generation, antifaschistische Organisationen, <\/span><span class=\"author-a-ebz65z3cavz69zz87zz79zz65zldz69zz122z0\">potenzielle PKK-Unterst\u00fctzer<\/span><span class=\"author-a-6dz79zbz80zxz83zfz85zz90zz84zhaz70zx1\">:innen<\/span><span class=\"author-a-ebz65z3cavz69zz87zz79zz65zldz69zz122z0\"> oder kommunistische Gruppen &#8211; in Deutschland werden <\/span><span class=\"author-a-6dz79zbz80zxz83zfz85zz90zz84zhaz70zx1\">fortschrittliche <\/span><span class=\"author-a-ebz65z3cavz69zz87zz79zz65zldz69zz122z0\">Bewegungen<\/span> <span class=\"author-a-ebz65z3cavz69zz87zz79zz65zldz69zz122z0\">schnell mal auf eine Ebene mit <\/span><span class=\"author-a-6dz79zbz80zxz83zfz85zz90zz84zhaz70zx1\">islamistischen oder neofaschistischen Terrororganisationen<\/span> <span class=\"author-a-6dz79zbz80zxz83zfz85zz90zz84zhaz70zx1\">wie<\/span><span class=\"author-a-ebz65z3cavz69zz87zz79zz65zldz69zz122z0\"> dem NSU gesetzt.<\/span> <span class=\"author-a-ebz65z3cavz69zz87zz79zz65zldz69zz122z0\">So wird <\/span><span class=\"author-a-6dz79zbz80zxz83zfz85zz90zz84zhaz70zx1\">z.B. <\/span><span class=\"author-a-ebz65z3cavz69zz87zz79zz65zldz69zz122z0\">aus<\/span><span class=\"author-a-6dz79zbz80zxz83zfz85zz90zz84zhaz70zx1\"> dem<\/span> <span class=\"author-a-6dz79zbz80zxz83zfz85zz90zz84zhaz70zx1\">S<\/span><span class=\"author-a-ebz65z3cavz69zz87zz79zz65zldz69zz122z0\">ich auf die Stra\u00dfe <\/span><span class=\"author-a-6dz79zbz80zxz83zfz85zz90zz84zhaz70zx1\">K<\/span><span class=\"author-a-ebz65z3cavz69zz87zz79zz65zldz69zz122z0\">leben schnell mal ein Terrorakt. Warum kommt es soweit?<\/span> <span class=\"author-a-ebz65z3cavz69zz87zz79zz65zldz69zz122z0\">Warum wird der Paragraph gerade von linken Kreisen so sehr kritisiert? Daf\u00fcr muss man <\/span><span class=\"author-a-6dz79zbz80zxz83zfz85zz90zz84zhaz70zx1\">auf <\/span><span class=\"author-a-ebz65z3cavz69zz87zz79zz65zldz69zz122z0\">die Entstehungsgeschichte des Paragraphen zur\u00fcckschauen.\u00a0<\/span><\/p>\n<p id=\"magicdomid60\" class=\"ace-line\" spellcheck=\"true\" aria-live=\"assertive\">\n<p id=\"magicdomid61\" class=\"ace-line\" spellcheck=\"true\" aria-live=\"assertive\"><span class=\"author-a-ebz65z3cavz69zz87zz79zz65zldz69zz122z0\">Der \u00a7 129a StGB geh\u00f6rt zu dem teilweise als \u201eLex RAF\u201c bezeichneten Gesetzesb\u00fcndel, das mit speziellem Bezug auf die <\/span><span class=\"author-a-6dz79zbz80zxz83zfz85zz90zz84zhaz70zx1\">&#8222;<\/span><span class=\"author-a-ebz65z3cavz69zz87zz79zz65zldz69zz122z0\">Rote Armee Fraktion<\/span><span class=\"author-a-6dz79zbz80zxz83zfz85zz90zz84zhaz70zx1\">&#8222;<\/span><span class=\"author-a-ebz65z3cavz69zz87zz79zz65zldz69zz122z0\"> erlassen wurde. Somit ist er im Ursprung auf &#8222;linksextremistische Terrorgruppen&#8220; zugeschnitten. <\/span><span class=\"author-a-6dz79zbz80zxz83zfz85zz90zz84zhaz70zx1\">Er <\/span><span class=\"author-a-ebz65z3cavz69zz87zz79zz65zldz69zz122z0\">erfasst sowohl die Gr\u00fcnder<\/span><span class=\"author-a-6dz79zbz80zxz83zfz85zz90zz84zhaz70zx1\">:innen<\/span><span class=\"author-a-ebz65z3cavz69zz87zz79zz65zldz69zz122z0\"> als auch die Mitglieder einer &#8222;terroristischen Vereinigung&#8220; und droht diesen Freiheitsstrafen von einem Jahr bis zu zehn Jahren bzw., wenn nur die Androhung von Straftaten <\/span><span class=\"author-a-6dz79zbz80zxz83zfz85zz90zz84zhaz70zx1\">stattfinden <\/span><span class=\"author-a-ebz65z3cavz69zz87zz79zz65zldz69zz122z0\">sollte, von sechs Monaten bis zu f\u00fcnf Jahren. F\u00fcr <\/span><span class=\"author-a-6dz79zbz80zxz83zfz85zz90zz84zhaz70zx1\">F\u00fchrungspersonen<\/span><span class=\"author-a-ebz65z3cavz69zz87zz79zz65zldz69zz122z0\"> gibt es zus\u00e4tzlich<\/span><span class=\"author-a-6dz79zbz80zxz83zfz85zz90zz84zhaz70zx1\">e<\/span><span class=\"author-a-ebz65z3cavz69zz87zz79zz65zldz69zz122z0\"> Strafversch\u00e4rfungen<\/span><span class=\"author-a-6dz79zbz80zxz83zfz85zz90zz84zhaz70zx1\">.<\/span><span class=\"author-a-ebz65z3cavz69zz87zz79zz65zldz69zz122z0\"> Auch Unterst\u00fctzer<\/span><span class=\"author-a-6dz79zbz80zxz83zfz85zz90zz84zhaz70zx1\">:innen<\/span><span class=\"author-a-ebz65z3cavz69zz87zz79zz65zldz69zz122z0\"> oder &#8222;Anwerber&#8220; von <\/span><span class=\"author-a-6dz79zbz80zxz83zfz85zz90zz84zhaz70zx1\">diesen<\/span><span class=\"author-a-ebz65z3cavz69zz87zz79zz65zldz69zz122z0\"> k\u00f6nnen mit Geld- und Freiheitsstrafen belegt werden.\u00a0<\/span><\/p>\n<p id=\"magicdomid62\" class=\"ace-line\" spellcheck=\"true\" aria-live=\"assertive\"><span class=\"author-a-ebz65z3cavz69zz87zz79zz65zldz69zz122z0\">Der Paragraph 129 an sich kommt aus dem Reichsstrafgesetzbuch des Deutschen Reichs von 1871 und hatte einen rein politischen Charakter. Erst 1951 wurde der Paragraph so umgeschrieben, dass er auch Organisationen au\u00dferhalb der &#8222;politischen Kriminalit\u00e4t&#8220; erfasste. Dies erfolgt aber nach wie vor sehr selten, da <\/span><span class=\"author-a-6dz79zbz80zxz83zfz85zz90zz84zhaz70zx1\">bei diesen <\/span><span class=\"author-a-ebz65z3cavz69zz87zz79zz65zldz69zz122z0\">oft keine Verfolgung von \u00fcbergeordneten gemeinschaftlichen Zielen in der Gruppe besteht. Bis heute werden diese Strukturen nur begrenzt mit dem Paragraphen erfasst. Zu unterscheiden sind deshalb der Paragraph 129 (Bildung einer kriminellen Organisation) und der Paragraph 129a (Bildung einer terroristischen Organisation).\u00a0<\/span><span class=\"author-a-ebz65z3cavz69zz87zz79zz65zldz69zz122z0\">Kritisiert wird <\/span><span class=\"author-a-6dz79zbz80zxz83zfz85zz90zz84zhaz70zx1\">Letzterer<\/span><span class=\"author-a-ebz65z3cavz69zz87zz79zz65zldz69zz122z0\"> vor allem, da er politischen Aktivismus kriminalisiert und unter Strafe stellt. <\/span><span class=\"author-a-z77zfvs5z78zz72ztz74za77z68zz82zwz90z\">Selbst der B<\/span><span class=\"author-a-lz76z1hz67zuz70zz81zz72zz82zz82zz72zz69zxz85zz81z\">undesgerichtshof<\/span><span class=\"author-a-z77zfvs5z78zz72ztz74za77z68zz82zwz90z\"> kritisiert, dass mit dem Paragraphen schon Handlungen, die sogar weit im Vorfeld von Vorbereitungen konkreter strafbarer Handlungen liegen, unter Strafe gestellt werden. In diesem Sinne wird der Paragraph auch als Gesinnungs-Paragraph kritisiert, da nicht die Tathandlung oder Vorbereitungshandlungen, sondern schon allein die Motivation unter Strafe gestellt wird. Dies ist allein schon mit den Grunds\u00e4tzen des deutschen Strafrechts nicht vereinbar, da e<\/span><span class=\"author-a-lz76z1hz67zuz70zz81zz72zz82zz82zz72zz69zxz85zz81z\">s<\/span><span class=\"author-a-z77zfvs5z78zz72ztz74za77z68zz82zwz90z\"> dem Grundsatz des Tatstrafrechts widerspricht und somit verfassungswidrig ist. Zuletzt fand in der NS-Zeit das Gesinnungsstrafrecht vor allem gegen Kommunist<\/span><span class=\"author-a-lz76z1hz67zuz70zz81zz72zz82zz82zz72zz69zxz85zz81z\">:inn<\/span><span class=\"author-a-z77zfvs5z78zz72ztz74za77z68zz82zwz90z\">en Anwendung. In diesem Sinne ist der Paragraph 129a\/b auch gleichzeitig ein Ausdruck der \u201egescheiterten\u201c Entnazifizierung.<\/span><\/p>\n<p id=\"magicdomid65\" class=\"ace-line\" spellcheck=\"true\" aria-live=\"assertive\">\n<p id=\"magicdomid66\" class=\"ace-line\" spellcheck=\"true\" aria-live=\"assertive\"><span class=\"author-a-z77zfvs5z78zz72ztz74za77z68zz82zwz90z\">Zudem wird der Paragraph auch als Schn\u00fcffel-Paragraph bezeichnet. <\/span><span class=\"author-a-ebz65z3cavz69zz87zz79zz65zldz69zz122z0\">Schon weit im Vorfeld der Vorbereitung konkreter strafbarer Handlungen sind vielf\u00e4ltige strafprozessuale Eingriffsm\u00f6glichkeiten wie Telekommunikations\u00fcberwachung<\/span><span class=\"author-a-6dz79zbz80zxz83zfz85zz90zz84zhaz70zx1\"> oder<\/span><span class=\"author-a-ebz65z3cavz69zz87zz79zz65zldz69zz122z0\"> die Sammlung von Daten etc. m\u00f6glich. F\u00fcr eine Anwendung dieser Ma\u00dfnahmen m\u00fcssen <\/span><span class=\"author-a-6dz79zbz80zxz83zfz85zz90zz84zhaz70zx1\">jedoch <\/span><span class=\"author-a-ebz65z3cavz69zz87zz79zz65zldz69zz122z0\">im Vorhinein <\/span><span class=\"author-a-6dz79zbz80zxz83zfz85zz90zz84zhaz70zx1\">eigentlich <\/span><span class=\"author-a-ebz65z3cavz69zz87zz79zz65zldz69zz122z0\">Straftaten<\/span><span class=\"author-a-6dz79zbz80zxz83zfz85zz90zz84zhaz70zx1\"> begangen worden sein<\/span><span class=\"author-a-ebz65z3cavz69zz87zz79zz65zldz69zz122z0\">, <\/span><span class=\"author-a-6dz79zbz80zxz83zfz85zz90zz84zhaz70zx1\">bei denen eine <\/span><span class=\"author-a-ebz65z3cavz69zz87zz79zz65zldz69zz122z0\">Freiheitsstrafe von mindestens 2 Jahren droh<\/span><span class=\"author-a-6dz79zbz80zxz83zfz85zz90zz84zhaz70zx1\">t<\/span><span class=\"author-a-ebz65z3cavz69zz87zz79zz65zldz69zz122z0\">. Diese m\u00fcssen aber eine erhebliche Gefahr f\u00fcr die \u00f6ffentliche Sicherheit bedeuten, was <\/span><span class=\"author-a-6dz79zbz80zxz83zfz85zz90zz84zhaz70zx1\">beispielsweise <\/span><span class=\"author-a-ebz65z3cavz69zz87zz79zz65zldz69zz122z0\">bei Aktionen der letzten Generation fraglich ist<\/span><span class=\"author-a-6dz79zbz80zxz83zfz85zz90zz84zhaz70zx1\"> &#8211; unabh\u00e4ngig von der Sinnhaftigkeit der Aktionen<\/span><span class=\"author-a-ebz65z3cavz69zz87zz79zz65zldz69zz122z0\">. <\/span><span class=\"author-a-6dz79zbz80zxz83zfz85zz90zz84zhaz70zx1\">Es k\u00f6nnen also v\u00f6llig willk\u00fcrlich<\/span> <span class=\"author-a-6dz79zbz80zxz83zfz85zz90zz84zhaz70zx1\">und politisch motiviert der <\/span><span class=\"author-a-ebz65z3cavz69zz87zz79zz65zldz69zz122z0\">Einsatz von \u00dcberwachungsma\u00dfnahmen <\/span><span class=\"author-a-6dz79zbz80zxz83zfz85zz90zz84zhaz70zx1\">und Repressionen gegen verschiedene Gruppen ge<\/span><span class=\"author-a-ebz65z3cavz69zz87zz79zz65zldz69zz122z0\">rechtfertigt<\/span><span class=\"author-a-6dz79zbz80zxz83zfz85zz90zz84zhaz70zx1\"> werden<\/span><span class=\"author-a-ebz65z3cavz69zz87zz79zz65zldz69zz122z0\">.<\/span><span class=\"author-a-6dz79zbz80zxz83zfz85zz90zz84zhaz70zx1\"> Von diesem Werkzeug macht der kapitalistische deutsche Staat bewusst Gebrauch.<\/span><\/p>\n<p id=\"magicdomid67\" class=\"ace-line\" spellcheck=\"true\" aria-live=\"assertive\">\n<p id=\"magicdomid68\" class=\"ace-line\" spellcheck=\"true\" aria-live=\"assertive\"><span class=\"author-a-ebz65z3cavz69zz87zz79zz65zldz69zz122z0\">Nach den Terroranschl\u00e4gen vom 11.<\/span> <span class=\"author-a-ebz65z3cavz69zz87zz79zz65zldz69zz122z0\">September 2001 ist der Paragraph erweitert worden und beinhaltet nun auch die Verfolgung von <\/span><span class=\"author-a-6dz79zbz80zxz83zfz85zz90zz84zhaz70zx1\">Mitgliedern von <\/span><span class=\"author-a-ebz65z3cavz69zz87zz79zz65zldz69zz122z0\">Organisation<\/span><span class=\"author-a-6dz79zbz80zxz83zfz85zz90zz84zhaz70zx1\">en<\/span><span class=\"author-a-ebz65z3cavz69zz87zz79zz65zldz69zz122z0\">, die im Ausland a<\/span><span class=\"author-a-6dz79zbz80zxz83zfz85zz90zz84zhaz70zx1\">ktiv sind <\/span><span class=\"author-a-ebz65z3cavz69zz87zz79zz65zldz69zz122z0\">und von der BRD a<\/span><span class=\"author-a-6dz79zbz80zxz83zfz85zz90zz84zhaz70zx1\">l<\/span><span class=\"author-a-ebz65z3cavz69zz87zz79zz65zldz69zz122z0\">s <\/span><span class=\"author-a-6dz79zbz80zxz83zfz85zz90zz84zhaz70zx1\">&#8222;<\/span><span class=\"author-a-ebz65z3cavz69zz87zz79zz65zldz69zz122z0\">terroristisch<\/span><span class=\"author-a-6dz79zbz80zxz83zfz85zz90zz84zhaz70zx1\">&#8222;<\/span><span class=\"author-a-ebz65z3cavz69zz87zz79zz65zldz69zz122z0\"> eingestuft werden (z.B. YPG). Migrantische Linke sind <\/span><span class=\"author-a-6dz79zbz80zxz83zfz85zz90zz84zhaz70zx1\">zunehmend <\/span><span class=\"author-a-ebz65z3cavz69zz87zz79zz65zldz69zz122z0\">im Fokus des Paragraphen <\/span><span class=\"author-a-6dz79zbz80zxz83zfz85zz90zz84zhaz70zx1\">129 a\/b <\/span><span class=\"author-a-ebz65z3cavz69zz87zz79zz65zldz69zz122z0\">und in den letzten Jahren wurde damit vor allem gegen kurdische und t\u00fcrkische Aktivist<\/span><span class=\"author-a-6dz79zbz80zxz83zfz85zz90zz84zhaz70zx1\">:inn<\/span><span class=\"author-a-ebz65z3cavz69zz87zz79zz65zldz69zz122z0\">en vorgegangen<\/span><span class=\"author-a-6dz79zbz80zxz83zfz85zz90zz84zhaz70zx1\"> &#8211; besonders aufgrund der engen Zusammenarbeit mit dem faschistoiden t\u00fcrkischen Staat<\/span><span class=\"author-a-ebz65z3cavz69zz87zz79zz65zldz69zz122z0\">. <\/span><span class=\"author-a-6dz79zbz80zxz83zfz85zz90zz84zhaz70zx1\">Aktuell <\/span><span class=\"author-a-ebz65z3cavz69zz87zz79zz65zldz69zz122z0\">sind auch pal\u00e4stinensische Gruppen <\/span><span class=\"author-a-6dz79zbz80zxz83zfz85zz90zz84zhaz70zx1\">stark <\/span><span class=\"author-a-ebz65z3cavz69zz87zz79zz65zldz69zz122z0\">von der Repression betroffen.<\/span><span class=\"author-a-6dz79zbz80zxz83zfz85zz90zz84zhaz70zx1\"> Aus diesem Grund steht der Kampf gegen den Paragraphen 129 a\/b auf der Tagesordnung der revolution\u00e4ren Kr\u00e4fte in Deutschland, die in ihrem legitimen Kampf gegen das kapitalistische System kriminalisiert und mit staatlicher Gewalt konfrontiert werden.<\/span><\/p>\n","protected":false},"excerpt":{"rendered":"<p>&#8222;Die Bildung terroristischer Vereinigungen ist eine Straftat, die in Deutschland in \u00a7 129a\/b StGB normiert ist.&#8220; Egal ob die Letzte Generation, antifaschistische Organisationen, potenzielle PKK-Unterst\u00fctzer:innen &hellip; <\/p>\n","protected":false},"author":8,"featured_media":1922,"comment_status":"closed","ping_status":"closed","sticky":false,"template":"","format":"standard","meta":{"footnotes":""},"categories":[1,13],"tags":[918,919,920,215,922,917,916,103,921,16,758],"class_list":["post-1921","post","type-post","status-publish","format-standard","has-post-thumbnail","hentry","category-beitraege","category-deutschland","tag-918","tag-129a","tag-129b","tag-kurdistan","tag-organisationen","tag-paragraf","tag-paragraph","tag-repression","tag-terroristisch","tag-tuerkei","tag-ypg"],"_links":{"self":[{"href":"https:\/\/resistance-info.de\/index.php?rest_route=\/wp\/v2\/posts\/1921","targetHints":{"allow":["GET"]}}],"collection":[{"href":"https:\/\/resistance-info.de\/index.php?rest_route=\/wp\/v2\/posts"}],"about":[{"href":"https:\/\/resistance-info.de\/index.php?rest_route=\/wp\/v2\/types\/post"}],"author":[{"embeddable":true,"href":"https:\/\/resistance-info.de\/index.php?rest_route=\/wp\/v2\/users\/8"}],"replies":[{"embeddable":true,"href":"https:\/\/resistance-info.de\/index.php?rest_route=%2Fwp%2Fv2%2Fcomments&post=1921"}],"version-history":[{"count":4,"href":"https:\/\/resistance-info.de\/index.php?rest_route=\/wp\/v2\/posts\/1921\/revisions"}],"predecessor-version":[{"id":1926,"href":"https:\/\/resistance-info.de\/index.php?rest_route=\/wp\/v2\/posts\/1921\/revisions\/1926"}],"wp:featuredmedia":[{"embeddable":true,"href":"https:\/\/resistance-info.de\/index.php?rest_route=\/wp\/v2\/media\/1922"}],"wp:attachment":[{"href":"https:\/\/resistance-info.de\/index.php?rest_route=%2Fwp%2Fv2%2Fmedia&parent=1921"}],"wp:term":[{"taxonomy":"category","embeddable":true,"href":"https:\/\/resistance-info.de\/index.php?rest_route=%2Fwp%2Fv2%2Fcategories&post=1921"},{"taxonomy":"post_tag","embeddable":true,"href":"https:\/\/resistance-info.de\/index.php?rest_route=%2Fwp%2Fv2%2Ftags&post=1921"}],"curies":[{"name":"wp","href":"https:\/\/api.w.org\/{rel}","templated":true}]}}